{"id":56,"date":"2024-03-18T11:58:14","date_gmt":"2024-03-18T11:58:14","guid":{"rendered":"https:\/\/colproleon.es\/?p=56"},"modified":"2024-06-19T09:16:22","modified_gmt":"2024-06-19T09:16:22","slug":"cuando-volveran-los-trenes-a-la-estacion-de-matallana","status":"publish","type":"post","link":"https:\/\/colproleon.es\/?p=56","title":{"rendered":"\u00bfCu\u00e1ndo volver\u00e1n los trenes a la estaci\u00f3n de Matallana?"},"content":{"rendered":"\n<p><em>Los Colegios profesionales, a trav\u00e9s de ColproLe\u00f3n, y Aluches piden a <strong>\u00d3scar Puente <\/strong>que responda a su carta remitida en febrero en la que solicitan detalle de cu\u00e1ndo y c\u00f3mo volver\u00e1n al fin los trenes a Matallana<\/em><\/p>\n\n\n\n<p>Los Colegios profesionales de Le\u00f3n, a trav\u00e9s de la organizaci\u00f3n que los re\u00fane, <strong>ColproLe\u00f3n<\/strong>, y la <strong>Federaci\u00f3n de Asociaciones Vecinales Aluches<\/strong>, piden al Ministerio de Transportes que responda a la carta remitida el pasado mes de febrero por dichas organizaciones leonesas en la que solicitan detalle de cu\u00e1ndo y c\u00f3mo volver\u00e1n al fin los trenes a la estaci\u00f3n de Matallana.<\/p>\n\n\n\n<figure class=\"wp-block-gallery has-nested-images columns-default wp-block-gallery-1 is-layout-flex wp-block-gallery-is-layout-flex\">\n<figure class=\"wp-block-image size-large\"><a class=\"https:\/\/upload.wikimedia.org\/wikipedia\/commons\/thumb\/e\/e5\/Le%C3%B3n_Matallana_station_tram_FEVE.jpg\/1280px-Le%C3%B3n_Matallana_station_tram_FEVE.jpg\" href=\"https:\/\/upload.wikimedia.org\/wikipedia\/commons\/thumb\/e\/e5\/Le%C3%B3n_Matallana_station_tram_FEVE.jpg\/1280px-Le%C3%B3n_Matallana_station_tram_FEVE.jpg\" target=\"_blank\" rel=\"Estaci\u00f3n de Matallana (Le\u00f3n) noopener\"><img loading=\"lazy\" decoding=\"async\" width=\"800\" height=\"600\" data-id=\"59\" src=\"https:\/\/colproleon.es\/wp-content\/uploads\/2024\/03\/EstacionMatallana.jpg\" alt=\"\" class=\"wp-image-59\" srcset=\"https:\/\/colproleon.es\/wp-content\/uploads\/2024\/03\/EstacionMatallana.jpg 800w, https:\/\/colproleon.es\/wp-content\/uploads\/2024\/03\/EstacionMatallana-300x225.jpg 300w, https:\/\/colproleon.es\/wp-content\/uploads\/2024\/03\/EstacionMatallana-768x576.jpg 768w\" sizes=\"auto, (max-width: 709px) 85vw, (max-width: 909px) 67vw, (max-width: 984px) 61vw, (max-width: 1362px) 45vw, 600px\" \/><\/a><figcaption class=\"wp-element-caption\"><a href=\"http:\/\/De Stationsoverpad - Trabajo propio, CC BY-SA 4.0, https:\/\/commons.wikimedia.org\/w\/index.php?curid=81655039\">Estaci\u00f3n de Matallana (<\/a><a href=\"https:\/\/commons.wikimedia.org\/w\/index.php?curid=81655039\">Stationsoverdap<\/a><a href=\"http:\/\/De Stationsoverpad - Trabajo propio, CC BY-SA 4.0, https:\/\/commons.wikimedia.org\/w\/index.php?curid=81655039\">)<\/a><\/figcaption><\/figure>\n<\/figure>\n\n\n\n<p>En su escrito dirigido al ministro de Transportes, \u00d3scar Puente, la organizaci\u00f3n ColproLe\u00f3n y Aluches apuntan que \u201cen base a la transparencia que rige la actuaci\u00f3n de los \u00f3rganos p\u00fablicos\u201d solicitan \u201cla intervenci\u00f3n del Ministerio que Ud. representa\u201d para que les sea facilitada la siguiente informaci\u00f3n:<\/p>\n\n\n\n<p>&#8211; Una descripci\u00f3n de los planes previstos para terminar la intervenci\u00f3n en la l\u00ednea de FEVE cerca de Le\u00f3n y, por consiguiente, la llegada de los trenes a la estaci\u00f3n de Le\u00f3n y la eliminaci\u00f3n del transbordo actual.<\/p>\n\n\n\n<p>&#8211; Los documentos del expediente correspondiente que muestren los detalles de actuaciones y plazos previstos para la finalizaci\u00f3n de la mencionada intervenci\u00f3n.<\/p>\n\n\n\n<p>El escrito, registrado en el Ministerio el pasado 15 de febrero, recuerda que las entidades que suscriben la carta comparten con todos los leoneses \u201cuna gran preocupaci\u00f3n\u201d por la \u201clamentable situaci\u00f3n\u201d de la l\u00ednea de tren de v\u00eda estrecha Le\u00f3n-Bilbao y su futuro.<\/p>\n\n\n\n<p>\u201c<em>Esta infraestructura, unida a la historia y la econom\u00eda de la provincia de Le\u00f3n durante m\u00e1s de cien a\u00f1os, tiene una importancia fundamental para la conexi\u00f3n entre los n\u00facleos de poblaci\u00f3n por donde pasa con la capital y, especialmente, para contribuir a evitar la despoblaci\u00f3n de la zona. Adem\u00e1s, es una conexi\u00f3n con poblaciones de las provincias de Palencia, Burgos, Santander y Bizkaia<\/em>\u201d, recuerdan.<\/p>\n\n\n\n<p>En el escrito, ColproLe\u00f3n y Aluches hacen un repaso de los escollos sufridos por la infraestructura ferroviaria a lo largo de las d\u00e9cadas. \u201c<em>Como consecuencia de todo ello, los trenes actuales no pueden llegar a la estaci\u00f3n de Le\u00f3n. Los viajeros deben hacer un transbordo en autob\u00fas en un apeadero situado a 2 km del fin de la l\u00ednea para llegar a la estaci\u00f3n. Los horarios se han alargado, la puntualidad de los viajes se ha visto muy afectada y las incomodidades multiplicadas. Tanto, que m\u00e1s de la mitad de los viajeros habituales durante el a\u00f1o 2010 han abandonado el uso del tren y utilizan sus propios veh\u00edculos, a pesar del aumento del precio de los combustibles<\/em>\u201d.<\/p>\n\n\n\n<p>El futuro de este servicio p\u00fablico, prosigue el escrito, \u201c<em>es incierto en estas condiciones y, sin embargo, hay muchos ciudadanos que necesitan el tren y no pueden usarlo. Por ejemplo, los vecinos de Villaquilambre -m\u00e1s de 18.000- ya casi no usan el tren para ir a Le\u00f3n. Han pasado m\u00e1s de 12 a\u00f1os sin que se haya dado un paso para que se elimine el transbordo y los trenes lleguen a Le\u00f3n<\/em>\u201d.<\/p>\n\n\n\n<p>Las informaciones hechas p\u00fablicas desde el Ministerio de Fomento y FEVE en esos a\u00f1os, se\u00f1alan en la carta, \u201c<em>han abundado en evasivas y hasta en datos que han resultado ser inexactos. Una vez desechada la uni\u00f3n de la l\u00ednea de tren con un sistema de tranv\u00edas, dej\u00f3 de tener sentido el uso de unidades especiales Tren-Tram, m\u00e1s caras que las convencionales por lo que su compra ya no tiene sentido. En esta situaci\u00f3n, no se comprende por qu\u00e9 no se vuelve a la situaci\u00f3n anterior a 2010 cuando los trenes llegaban a Le\u00f3n, eran puntuales y los tiempos de viaje m\u00e1s cortos. Para ello, s\u00f3lo habr\u00eda que bajar de nivel la traza de las v\u00edas en un tramo de unos 600 metros. Esa obra solucionar\u00eda definitivamente los actuales problemas y garantizar\u00eda el futuro y la utilizaci\u00f3n de la l\u00ednea<\/em>\u201d, apunta el escrito.<\/p>\n\n\n\n<p>ColproLe\u00f3n y Aluches concluyen su carta mostrando seguridad en que el ministro Puente \u201c<em>comparte esa preocupaci\u00f3n con los ciudadanos de Le\u00f3n y tambi\u00e9n su disposici\u00f3n para resolver los problemas que desde hace m\u00e1s de 12 a\u00f1os sufren los usuarios de la l\u00ednea de FEVE de Le\u00f3n-Bilbao<\/em>\u201d.<\/p>\n","protected":false},"excerpt":{"rendered":"<p>Los Colegios profesionales, a trav\u00e9s de ColproLe\u00f3n, y Aluches piden a \u00d3scar Puente que responda a su carta remitida en febrero en la que solicitan detalle de cu\u00e1ndo y c\u00f3mo volver\u00e1n al fin los trenes a Matallana Los Colegios profesionales de Le\u00f3n, a trav\u00e9s de la organizaci\u00f3n que los re\u00fane, ColproLe\u00f3n, y la Federaci\u00f3n de &hellip; <a href=\"https:\/\/colproleon.es\/?p=56\" class=\"more-link\">Continuar leyendo<span class=\"screen-reader-text\"> \u00ab\u00bfCu\u00e1ndo volver\u00e1n los trenes a la estaci\u00f3n de Matallana?\u00bb<\/span><\/a><\/p>\n","protected":false},"author":1,"featured_media":0,"comment_status":"closed","ping_status":"closed","sticky":false,"template":"","format":"standard","meta":{"footnotes":""},"categories":[1],"tags":[],"class_list":["post-56","post","type-post","status-publish","format-standard","hentry","category-uncategorized"],"yoast_head":"<!-- This site is optimized with the Yoast SEO plugin v27.5 - https:\/\/yoast.com\/product\/yoast-seo-wordpress\/ -->\n<title>\u00bfCu\u00e1ndo volver\u00e1n los trenes a la estaci\u00f3n de Matallana? - COLPROLe\u00f3n<\/title>\n<meta name=\"robots\" content=\"index, follow, max-snippet:-1, max-image-preview:large, max-video-preview:-1\" \/>\n<link rel=\"canonical\" href=\"https:\/\/colproleon.es\/?p=56\" \/>\n<meta property=\"og:locale\" content=\"es_ES\" \/>\n<meta property=\"og:type\" content=\"article\" \/>\n<meta property=\"og:title\" content=\"\u00bfCu\u00e1ndo volver\u00e1n los trenes a la estaci\u00f3n de Matallana? - COLPROLe\u00f3n\" \/>\n<meta property=\"og:description\" content=\"Los Colegios profesionales, a trav\u00e9s de ColproLe\u00f3n, y Aluches piden a \u00d3scar Puente que responda a su carta remitida en febrero en la que solicitan detalle de cu\u00e1ndo y c\u00f3mo volver\u00e1n al fin los trenes a Matallana Los Colegios profesionales de Le\u00f3n, a trav\u00e9s de la organizaci\u00f3n que los re\u00fane, ColproLe\u00f3n, y la Federaci\u00f3n de &hellip; Continuar leyendo &quot;\u00bfCu\u00e1ndo volver\u00e1n los trenes a la estaci\u00f3n de Matallana?&quot;\" \/>\n<meta property=\"og:url\" content=\"https:\/\/colproleon.es\/?p=56\" \/>\n<meta property=\"og:site_name\" content=\"COLPROLe\u00f3n\" \/>\n<meta property=\"article:publisher\" content=\"https:\/\/www.facebook.com\/Colproleon\" \/>\n<meta property=\"article:published_time\" content=\"2024-03-18T11:58:14+00:00\" \/>\n<meta property=\"article:modified_time\" content=\"2024-06-19T09:16:22+00:00\" \/>\n<meta property=\"og:image\" content=\"https:\/\/colproleon.es\/wp-content\/uploads\/2024\/03\/EstacionMatallana.jpg\" \/>\n<meta name=\"author\" content=\"admin\" \/>\n<meta name=\"twitter:card\" content=\"summary_large_image\" \/>\n<meta name=\"twitter:creator\" content=\"@colproleon\" \/>\n<meta name=\"twitter:site\" content=\"@colproleon\" \/>\n<meta name=\"twitter:label1\" content=\"Escrito por\" \/>\n\t<meta name=\"twitter:data1\" content=\"admin\" \/>\n\t<meta name=\"twitter:label2\" content=\"Tiempo de lectura\" \/>\n\t<meta name=\"twitter:data2\" content=\"4 minutos\" \/>\n<script type=\"application\/ld+json\" class=\"yoast-schema-graph\">{\"@context\":\"https:\\\/\\\/schema.org\",\"@graph\":[{\"@type\":\"Article\",\"@id\":\"https:\\\/\\\/colproleon.es\\\/?p=56#article\",\"isPartOf\":{\"@id\":\"https:\\\/\\\/colproleon.es\\\/?p=56\"},\"author\":{\"name\":\"admin\",\"@id\":\"https:\\\/\\\/colproleon.es\\\/#\\\/schema\\\/person\\\/580649c5af2000db556d6e5245c8fe89\"},\"headline\":\"\u00bfCu\u00e1ndo volver\u00e1n los trenes a la estaci\u00f3n de Matallana?\",\"datePublished\":\"2024-03-18T11:58:14+00:00\",\"dateModified\":\"2024-06-19T09:16:22+00:00\",\"mainEntityOfPage\":{\"@id\":\"https:\\\/\\\/colproleon.es\\\/?p=56\"},\"wordCount\":785,\"publisher\":{\"@id\":\"https:\\\/\\\/colproleon.es\\\/#organization\"},\"image\":{\"@id\":\"https:\\\/\\\/colproleon.es\\\/?p=56#primaryimage\"},\"thumbnailUrl\":\"https:\\\/\\\/colproleon.es\\\/wp-content\\\/uploads\\\/2024\\\/03\\\/EstacionMatallana.jpg\",\"articleSection\":[\"Uncategorized\"],\"inLanguage\":\"es\"},{\"@type\":\"WebPage\",\"@id\":\"https:\\\/\\\/colproleon.es\\\/?p=56\",\"url\":\"https:\\\/\\\/colproleon.es\\\/?p=56\",\"name\":\"\u00bfCu\u00e1ndo volver\u00e1n los trenes a la estaci\u00f3n de Matallana? - COLPROLe\u00f3n\",\"isPartOf\":{\"@id\":\"https:\\\/\\\/colproleon.es\\\/#website\"},\"primaryImageOfPage\":{\"@id\":\"https:\\\/\\\/colproleon.es\\\/?p=56#primaryimage\"},\"image\":{\"@id\":\"https:\\\/\\\/colproleon.es\\\/?p=56#primaryimage\"},\"thumbnailUrl\":\"https:\\\/\\\/colproleon.es\\\/wp-content\\\/uploads\\\/2024\\\/03\\\/EstacionMatallana.jpg\",\"datePublished\":\"2024-03-18T11:58:14+00:00\",\"dateModified\":\"2024-06-19T09:16:22+00:00\",\"breadcrumb\":{\"@id\":\"https:\\\/\\\/colproleon.es\\\/?p=56#breadcrumb\"},\"inLanguage\":\"es\",\"potentialAction\":[{\"@type\":\"ReadAction\",\"target\":[\"https:\\\/\\\/colproleon.es\\\/?p=56\"]}]},{\"@type\":\"ImageObject\",\"inLanguage\":\"es\",\"@id\":\"https:\\\/\\\/colproleon.es\\\/?p=56#primaryimage\",\"url\":\"https:\\\/\\\/colproleon.es\\\/wp-content\\\/uploads\\\/2024\\\/03\\\/EstacionMatallana.jpg\",\"contentUrl\":\"https:\\\/\\\/colproleon.es\\\/wp-content\\\/uploads\\\/2024\\\/03\\\/EstacionMatallana.jpg\",\"width\":800,\"height\":600},{\"@type\":\"BreadcrumbList\",\"@id\":\"https:\\\/\\\/colproleon.es\\\/?p=56#breadcrumb\",\"itemListElement\":[{\"@type\":\"ListItem\",\"position\":1,\"name\":\"Portada\",\"item\":\"https:\\\/\\\/colproleon.es\\\/\"},{\"@type\":\"ListItem\",\"position\":2,\"name\":\"\u00bfCu\u00e1ndo volver\u00e1n los trenes a la estaci\u00f3n de Matallana?\"}]},{\"@type\":\"WebSite\",\"@id\":\"https:\\\/\\\/colproleon.es\\\/#website\",\"url\":\"https:\\\/\\\/colproleon.es\\\/\",\"name\":\"COLPROLe\u00f3n\",\"description\":\"Asociaci\u00f3n de Colegios Profesionales de Le\u00f3n\",\"publisher\":{\"@id\":\"https:\\\/\\\/colproleon.es\\\/#organization\"},\"potentialAction\":[{\"@type\":\"SearchAction\",\"target\":{\"@type\":\"EntryPoint\",\"urlTemplate\":\"https:\\\/\\\/colproleon.es\\\/?s={search_term_string}\"},\"query-input\":{\"@type\":\"PropertyValueSpecification\",\"valueRequired\":true,\"valueName\":\"search_term_string\"}}],\"inLanguage\":\"es\"},{\"@type\":\"Organization\",\"@id\":\"https:\\\/\\\/colproleon.es\\\/#organization\",\"name\":\"Asociaci\u00f3n de Colegios Profesionales de Le\u00f3n\",\"url\":\"https:\\\/\\\/colproleon.es\\\/\",\"logo\":{\"@type\":\"ImageObject\",\"inLanguage\":\"es\",\"@id\":\"https:\\\/\\\/colproleon.es\\\/#\\\/schema\\\/logo\\\/image\\\/\",\"url\":\"https:\\\/\\\/colproleon.es\\\/wp-content\\\/uploads\\\/2024\\\/03\\\/Logo-COLPROLEON.jpg\",\"contentUrl\":\"https:\\\/\\\/colproleon.es\\\/wp-content\\\/uploads\\\/2024\\\/03\\\/Logo-COLPROLEON.jpg\",\"width\":243,\"height\":206,\"caption\":\"Asociaci\u00f3n de Colegios Profesionales de Le\u00f3n\"},\"image\":{\"@id\":\"https:\\\/\\\/colproleon.es\\\/#\\\/schema\\\/logo\\\/image\\\/\"},\"sameAs\":[\"https:\\\/\\\/www.facebook.com\\\/Colproleon\",\"https:\\\/\\\/x.com\\\/colproleon\",\"https:\\\/\\\/www.instagram.com\\\/colproleon\\\/\",\"https:\\\/\\\/www.linkedin.com\\\/company\\\/47593616\\\/admin\\\/feed\\\/posts\\\/\",\"https:\\\/\\\/www.youtube.com\\\/@colproleon508\"]},{\"@type\":\"Person\",\"@id\":\"https:\\\/\\\/colproleon.es\\\/#\\\/schema\\\/person\\\/580649c5af2000db556d6e5245c8fe89\",\"name\":\"admin\",\"image\":{\"@type\":\"ImageObject\",\"inLanguage\":\"es\",\"@id\":\"https:\\\/\\\/secure.gravatar.com\\\/avatar\\\/796a1558a93257c06a66fd970fe4d9a6e507285c74bb5fe8700b6b6358e18cab?s=96&d=mm&r=g\",\"url\":\"https:\\\/\\\/secure.gravatar.com\\\/avatar\\\/796a1558a93257c06a66fd970fe4d9a6e507285c74bb5fe8700b6b6358e18cab?s=96&d=mm&r=g\",\"contentUrl\":\"https:\\\/\\\/secure.gravatar.com\\\/avatar\\\/796a1558a93257c06a66fd970fe4d9a6e507285c74bb5fe8700b6b6358e18cab?s=96&d=mm&r=g\",\"caption\":\"admin\"},\"sameAs\":[\"https:\\\/\\\/colproleon.es\"],\"url\":\"https:\\\/\\\/colproleon.es\\\/?author=1\"}]}<\/script>\n<!-- \/ Yoast SEO plugin. -->","yoast_head_json":{"title":"\u00bfCu\u00e1ndo volver\u00e1n los trenes a la estaci\u00f3n de Matallana? - COLPROLe\u00f3n","robots":{"index":"index","follow":"follow","max-snippet":"max-snippet:-1","max-image-preview":"max-image-preview:large","max-video-preview":"max-video-preview:-1"},"canonical":"https:\/\/colproleon.es\/?p=56","og_locale":"es_ES","og_type":"article","og_title":"\u00bfCu\u00e1ndo volver\u00e1n los trenes a la estaci\u00f3n de Matallana? - COLPROLe\u00f3n","og_description":"Los Colegios profesionales, a trav\u00e9s de ColproLe\u00f3n, y Aluches piden a \u00d3scar Puente que responda a su carta remitida en febrero en la que solicitan detalle de cu\u00e1ndo y c\u00f3mo volver\u00e1n al fin los trenes a Matallana Los Colegios profesionales de Le\u00f3n, a trav\u00e9s de la organizaci\u00f3n que los re\u00fane, ColproLe\u00f3n, y la Federaci\u00f3n de &hellip; Continuar leyendo \"\u00bfCu\u00e1ndo volver\u00e1n los trenes a la estaci\u00f3n de Matallana?\"","og_url":"https:\/\/colproleon.es\/?p=56","og_site_name":"COLPROLe\u00f3n","article_publisher":"https:\/\/www.facebook.com\/Colproleon","article_published_time":"2024-03-18T11:58:14+00:00","article_modified_time":"2024-06-19T09:16:22+00:00","og_image":[{"url":"https:\/\/colproleon.es\/wp-content\/uploads\/2024\/03\/EstacionMatallana.jpg","type":"","width":"","height":""}],"author":"admin","twitter_card":"summary_large_image","twitter_creator":"@colproleon","twitter_site":"@colproleon","twitter_misc":{"Escrito por":"admin","Tiempo de lectura":"4 minutos"},"schema":{"@context":"https:\/\/schema.org","@graph":[{"@type":"Article","@id":"https:\/\/colproleon.es\/?p=56#article","isPartOf":{"@id":"https:\/\/colproleon.es\/?p=56"},"author":{"name":"admin","@id":"https:\/\/colproleon.es\/#\/schema\/person\/580649c5af2000db556d6e5245c8fe89"},"headline":"\u00bfCu\u00e1ndo volver\u00e1n los trenes a la estaci\u00f3n de Matallana?","datePublished":"2024-03-18T11:58:14+00:00","dateModified":"2024-06-19T09:16:22+00:00","mainEntityOfPage":{"@id":"https:\/\/colproleon.es\/?p=56"},"wordCount":785,"publisher":{"@id":"https:\/\/colproleon.es\/#organization"},"image":{"@id":"https:\/\/colproleon.es\/?p=56#primaryimage"},"thumbnailUrl":"https:\/\/colproleon.es\/wp-content\/uploads\/2024\/03\/EstacionMatallana.jpg","articleSection":["Uncategorized"],"inLanguage":"es"},{"@type":"WebPage","@id":"https:\/\/colproleon.es\/?p=56","url":"https:\/\/colproleon.es\/?p=56","name":"\u00bfCu\u00e1ndo volver\u00e1n los trenes a la estaci\u00f3n de Matallana? - COLPROLe\u00f3n","isPartOf":{"@id":"https:\/\/colproleon.es\/#website"},"primaryImageOfPage":{"@id":"https:\/\/colproleon.es\/?p=56#primaryimage"},"image":{"@id":"https:\/\/colproleon.es\/?p=56#primaryimage"},"thumbnailUrl":"https:\/\/colproleon.es\/wp-content\/uploads\/2024\/03\/EstacionMatallana.jpg","datePublished":"2024-03-18T11:58:14+00:00","dateModified":"2024-06-19T09:16:22+00:00","breadcrumb":{"@id":"https:\/\/colproleon.es\/?p=56#breadcrumb"},"inLanguage":"es","potentialAction":[{"@type":"ReadAction","target":["https:\/\/colproleon.es\/?p=56"]}]},{"@type":"ImageObject","inLanguage":"es","@id":"https:\/\/colproleon.es\/?p=56#primaryimage","url":"https:\/\/colproleon.es\/wp-content\/uploads\/2024\/03\/EstacionMatallana.jpg","contentUrl":"https:\/\/colproleon.es\/wp-content\/uploads\/2024\/03\/EstacionMatallana.jpg","width":800,"height":600},{"@type":"BreadcrumbList","@id":"https:\/\/colproleon.es\/?p=56#breadcrumb","itemListElement":[{"@type":"ListItem","position":1,"name":"Portada","item":"https:\/\/colproleon.es\/"},{"@type":"ListItem","position":2,"name":"\u00bfCu\u00e1ndo volver\u00e1n los trenes a la estaci\u00f3n de Matallana?"}]},{"@type":"WebSite","@id":"https:\/\/colproleon.es\/#website","url":"https:\/\/colproleon.es\/","name":"COLPROLe\u00f3n","description":"Asociaci\u00f3n de Colegios Profesionales de Le\u00f3n","publisher":{"@id":"https:\/\/colproleon.es\/#organization"},"potentialAction":[{"@type":"SearchAction","target":{"@type":"EntryPoint","urlTemplate":"https:\/\/colproleon.es\/?s={search_term_string}"},"query-input":{"@type":"PropertyValueSpecification","valueRequired":true,"valueName":"search_term_string"}}],"inLanguage":"es"},{"@type":"Organization","@id":"https:\/\/colproleon.es\/#organization","name":"Asociaci\u00f3n de Colegios Profesionales de Le\u00f3n","url":"https:\/\/colproleon.es\/","logo":{"@type":"ImageObject","inLanguage":"es","@id":"https:\/\/colproleon.es\/#\/schema\/logo\/image\/","url":"https:\/\/colproleon.es\/wp-content\/uploads\/2024\/03\/Logo-COLPROLEON.jpg","contentUrl":"https:\/\/colproleon.es\/wp-content\/uploads\/2024\/03\/Logo-COLPROLEON.jpg","width":243,"height":206,"caption":"Asociaci\u00f3n de Colegios Profesionales de Le\u00f3n"},"image":{"@id":"https:\/\/colproleon.es\/#\/schema\/logo\/image\/"},"sameAs":["https:\/\/www.facebook.com\/Colproleon","https:\/\/x.com\/colproleon","https:\/\/www.instagram.com\/colproleon\/","https:\/\/www.linkedin.com\/company\/47593616\/admin\/feed\/posts\/","https:\/\/www.youtube.com\/@colproleon508"]},{"@type":"Person","@id":"https:\/\/colproleon.es\/#\/schema\/person\/580649c5af2000db556d6e5245c8fe89","name":"admin","image":{"@type":"ImageObject","inLanguage":"es","@id":"https:\/\/secure.gravatar.com\/avatar\/796a1558a93257c06a66fd970fe4d9a6e507285c74bb5fe8700b6b6358e18cab?s=96&d=mm&r=g","url":"https:\/\/secure.gravatar.com\/avatar\/796a1558a93257c06a66fd970fe4d9a6e507285c74bb5fe8700b6b6358e18cab?s=96&d=mm&r=g","contentUrl":"https:\/\/secure.gravatar.com\/avatar\/796a1558a93257c06a66fd970fe4d9a6e507285c74bb5fe8700b6b6358e18cab?s=96&d=mm&r=g","caption":"admin"},"sameAs":["https:\/\/colproleon.es"],"url":"https:\/\/colproleon.es\/?author=1"}]}},"_links":{"self":[{"href":"https:\/\/colproleon.es\/index.php?rest_route=\/wp\/v2\/posts\/56","targetHints":{"allow":["GET"]}}],"collection":[{"href":"https:\/\/colproleon.es\/index.php?rest_route=\/wp\/v2\/posts"}],"about":[{"href":"https:\/\/colproleon.es\/index.php?rest_route=\/wp\/v2\/types\/post"}],"author":[{"embeddable":true,"href":"https:\/\/colproleon.es\/index.php?rest_route=\/wp\/v2\/users\/1"}],"replies":[{"embeddable":true,"href":"https:\/\/colproleon.es\/index.php?rest_route=%2Fwp%2Fv2%2Fcomments&post=56"}],"version-history":[{"count":4,"href":"https:\/\/colproleon.es\/index.php?rest_route=\/wp\/v2\/posts\/56\/revisions"}],"predecessor-version":[{"id":62,"href":"https:\/\/colproleon.es\/index.php?rest_route=\/wp\/v2\/posts\/56\/revisions\/62"}],"wp:attachment":[{"href":"https:\/\/colproleon.es\/index.php?rest_route=%2Fwp%2Fv2%2Fmedia&parent=56"}],"wp:term":[{"taxonomy":"category","embeddable":true,"href":"https:\/\/colproleon.es\/index.php?rest_route=%2Fwp%2Fv2%2Fcategories&post=56"},{"taxonomy":"post_tag","embeddable":true,"href":"https:\/\/colproleon.es\/index.php?rest_route=%2Fwp%2Fv2%2Ftags&post=56"}],"curies":[{"name":"wp","href":"https:\/\/api.w.org\/{rel}","templated":true}]}}