{"id":301,"date":"2026-04-29T11:15:58","date_gmt":"2026-04-29T11:15:58","guid":{"rendered":"https:\/\/colproleon.es\/?p=301"},"modified":"2026-04-29T11:15:58","modified_gmt":"2026-04-29T11:15:58","slug":"colproleon-celebra-su-asamblea-general-y-renueva-los-cargos-de-su-junta-directiva","status":"publish","type":"post","link":"https:\/\/colproleon.es\/?p=301","title":{"rendered":"ColproLe\u00f3n celebra su Asamblea General y renueva los cargos de su Junta Directiva"},"content":{"rendered":"\n<ul class=\"wp-block-list\">\n<li><em>La Asociaci\u00f3n de Colegios Profesionales de Le\u00f3n \u2013 ColproLe\u00f3n celebr\u00f3 ayer una Asamblea General Ordinaria y vivi\u00f3 su jornada electoral<\/em><\/li>\n<\/ul>\n\n\n\n<ul class=\"wp-block-list\">\n<li><em>La nueva junta directiva inicia su mandato de 2 a\u00f1os con la vista puesta en continuar movilizando a la sociedad leonesa en defensa del progreso de la provincia, seguir de cerca los proyectos lastrados en Le\u00f3n as\u00ed como reforzar las jornadas formativas y los encuentros profesionales<\/em><\/li>\n<\/ul>\n\n\n\n<figure class=\"wp-block-image size-full\"><img loading=\"lazy\" decoding=\"async\" width=\"800\" height=\"400\" src=\"https:\/\/colproleon.es\/wp-content\/uploads\/2026\/04\/Jornada-Siber-2.jpg\" alt=\"\" class=\"wp-image-302\" srcset=\"https:\/\/colproleon.es\/wp-content\/uploads\/2026\/04\/Jornada-Siber-2.jpg 800w, https:\/\/colproleon.es\/wp-content\/uploads\/2026\/04\/Jornada-Siber-2-300x150.jpg 300w, https:\/\/colproleon.es\/wp-content\/uploads\/2026\/04\/Jornada-Siber-2-768x384.jpg 768w\" sizes=\"auto, (max-width: 709px) 85vw, (max-width: 909px) 67vw, (max-width: 984px) 61vw, (max-width: 1362px) 45vw, 600px\" \/><\/figure>\n\n\n\n<p><strong>28 de abril de 2026.-<\/strong> La Asociaci\u00f3n de Colegios Profesionales de Le\u00f3n \u2013 ColproLe\u00f3n celebr\u00f3 ayer su tradicional Asamblea General Ordinaria y, posteriormente, elecciones para designar a la nueva junta directiva que representar\u00e1 a la instituci\u00f3n profesional en los pr\u00f3ximos dos a\u00f1os. En estos comicios, el Colegio Oficial de Ingenieros T\u00e9cnicos Industriales de Le\u00f3n, representado por su decano, Jos\u00e9 Antonio Cuba, ha revalidado su cargo al frente de ColproLe\u00f3n, acompa\u00f1ado por representantes de otros 6 Colegios profesionales de la provincia, que integran la nueva junta directiva.<\/p>\n\n\n\n<p>Esta nueva junta de gobierno, liderada por los mismos Colegios que en el mandato anterior, queda conformada de la siguiente manera:<\/p>\n\n\n\n<ul class=\"wp-block-list\">\n<li>Presidencia: Colegio Oficial de Ingenieros T\u00e9cnicos Industriales de Le\u00f3n<\/li>\n\n\n\n<li>Vicepresidencia: Ilustre Colegio de la Abogac\u00eda de Le\u00f3n<\/li>\n\n\n\n<li>Tesorero: Colegio Oficial de Arquitectos &#8211; Delegaci\u00f3n de Le\u00f3n<\/li>\n\n\n\n<li>Secretar\u00eda: Colegio Oficial de la Profesi\u00f3n Veterinaria de Le\u00f3n<\/li>\n\n\n\n<li>Vocales:<ul><li>1. Colegio Oficial de Aparejadores y Arquitectos T\u00e9cnicos de Le\u00f3n<\/li><\/ul><ul><li>2. Colegio Oficial de Enfermer\u00eda de Le\u00f3n<\/li><\/ul>\n<ul class=\"wp-block-list\">\n<li>3. Colegio Oficial de Trabajo Social de Le\u00f3n<\/li>\n<\/ul>\n<\/li>\n<\/ul>\n\n\n\n<p>Esta nueva etapa en ColproLe\u00f3n se inicia con la vista puesta en continuar movilizando a la sociedad leonesa en defensa del progreso de la provincia, seguir de cerca los proyectos lastrados en Le\u00f3n, as\u00ed como reforzar las jornadas formativas y los encuentros profesionales.<\/p>\n\n\n\n<p>La Asociaci\u00f3n de Colegios Profesionales de Le\u00f3n es una organizaci\u00f3n que representa a m\u00e1s de 20.000 profesionales procedentes de 24 colegios provinciales que dan voz a un amplio segmento de la sociedad. Profesionales de la Ingenier\u00eda, Abogac\u00eda, Econom\u00eda, Gesti\u00f3n, de profesiones Sanitarias y Sociales\u2026 Tienen un objetivo com\u00fan: impulsar el desarrollo econ\u00f3mico y social de la provincia y defender ante las administraciones competentes todos aquellos proyectos que supongan creaci\u00f3n de riqueza y puestos de trabajo.<\/p>\n","protected":false},"excerpt":{"rendered":"<p>28 de abril de 2026.- La Asociaci\u00f3n de Colegios Profesionales de Le\u00f3n \u2013 ColproLe\u00f3n celebr\u00f3 ayer su tradicional Asamblea General Ordinaria y, posteriormente, elecciones para designar a la nueva junta directiva que representar\u00e1 a la instituci\u00f3n profesional en los pr\u00f3ximos dos a\u00f1os. En estos comicios, el Colegio Oficial de Ingenieros T\u00e9cnicos Industriales de Le\u00f3n, representado &hellip; <a href=\"https:\/\/colproleon.es\/?p=301\" class=\"more-link\">Continuar leyendo<span class=\"screen-reader-text\"> \u00abColproLe\u00f3n celebra su Asamblea General y renueva los cargos de su Junta Directiva\u00bb<\/span><\/a><\/p>\n","protected":false},"author":1,"featured_media":0,"comment_status":"closed","ping_status":"closed","sticky":false,"template":"","format":"standard","meta":{"footnotes":""},"categories":[1],"tags":[],"class_list":["post-301","post","type-post","status-publish","format-standard","hentry","category-uncategorized"],"yoast_head":"<!-- This site is optimized with the Yoast SEO plugin v27.5 - https:\/\/yoast.com\/product\/yoast-seo-wordpress\/ -->\n<title>ColproLe\u00f3n celebra su Asamblea General y renueva los cargos de su Junta Directiva - COLPROLe\u00f3n<\/title>\n<meta name=\"robots\" content=\"index, follow, max-snippet:-1, max-image-preview:large, max-video-preview:-1\" \/>\n<link rel=\"canonical\" href=\"https:\/\/colproleon.es\/?p=301\" \/>\n<meta property=\"og:locale\" content=\"es_ES\" \/>\n<meta property=\"og:type\" content=\"article\" \/>\n<meta property=\"og:title\" content=\"ColproLe\u00f3n celebra su Asamblea General y renueva los cargos de su Junta Directiva - COLPROLe\u00f3n\" \/>\n<meta property=\"og:description\" content=\"28 de abril de 2026.- La Asociaci\u00f3n de Colegios Profesionales de Le\u00f3n \u2013 ColproLe\u00f3n celebr\u00f3 ayer su tradicional Asamblea General Ordinaria y, posteriormente, elecciones para designar a la nueva junta directiva que representar\u00e1 a la instituci\u00f3n profesional en los pr\u00f3ximos dos a\u00f1os. En estos comicios, el Colegio Oficial de Ingenieros T\u00e9cnicos Industriales de Le\u00f3n, representado &hellip; Continuar leyendo &quot;ColproLe\u00f3n celebra su Asamblea General y renueva los cargos de su Junta Directiva&quot;\" \/>\n<meta property=\"og:url\" content=\"https:\/\/colproleon.es\/?p=301\" \/>\n<meta property=\"og:site_name\" content=\"COLPROLe\u00f3n\" \/>\n<meta property=\"article:publisher\" content=\"https:\/\/www.facebook.com\/Colproleon\" \/>\n<meta property=\"article:published_time\" content=\"2026-04-29T11:15:58+00:00\" \/>\n<meta property=\"og:image\" content=\"https:\/\/colproleon.es\/wp-content\/uploads\/2026\/04\/Jornada-Siber-2.jpg\" \/>\n\t<meta property=\"og:image:width\" content=\"800\" \/>\n\t<meta property=\"og:image:height\" content=\"400\" \/>\n\t<meta property=\"og:image:type\" content=\"image\/jpeg\" \/>\n<meta name=\"author\" content=\"admin\" \/>\n<meta name=\"twitter:card\" content=\"summary_large_image\" \/>\n<meta name=\"twitter:creator\" content=\"@colproleon\" \/>\n<meta name=\"twitter:site\" content=\"@colproleon\" \/>\n<meta name=\"twitter:label1\" content=\"Escrito por\" \/>\n\t<meta name=\"twitter:data1\" content=\"admin\" \/>\n\t<meta name=\"twitter:label2\" content=\"Tiempo de lectura\" \/>\n\t<meta name=\"twitter:data2\" content=\"2 minutos\" \/>\n<script type=\"application\/ld+json\" class=\"yoast-schema-graph\">{\"@context\":\"https:\\\/\\\/schema.org\",\"@graph\":[{\"@type\":\"Article\",\"@id\":\"https:\\\/\\\/colproleon.es\\\/?p=301#article\",\"isPartOf\":{\"@id\":\"https:\\\/\\\/colproleon.es\\\/?p=301\"},\"author\":{\"name\":\"admin\",\"@id\":\"https:\\\/\\\/colproleon.es\\\/#\\\/schema\\\/person\\\/580649c5af2000db556d6e5245c8fe89\"},\"headline\":\"ColproLe\u00f3n celebra su Asamblea General y renueva los cargos de su Junta Directiva\",\"datePublished\":\"2026-04-29T11:15:58+00:00\",\"mainEntityOfPage\":{\"@id\":\"https:\\\/\\\/colproleon.es\\\/?p=301\"},\"wordCount\":398,\"publisher\":{\"@id\":\"https:\\\/\\\/colproleon.es\\\/#organization\"},\"image\":{\"@id\":\"https:\\\/\\\/colproleon.es\\\/?p=301#primaryimage\"},\"thumbnailUrl\":\"https:\\\/\\\/colproleon.es\\\/wp-content\\\/uploads\\\/2026\\\/04\\\/Jornada-Siber-2.jpg\",\"articleSection\":[\"Uncategorized\"],\"inLanguage\":\"es\"},{\"@type\":\"WebPage\",\"@id\":\"https:\\\/\\\/colproleon.es\\\/?p=301\",\"url\":\"https:\\\/\\\/colproleon.es\\\/?p=301\",\"name\":\"ColproLe\u00f3n celebra su Asamblea General y renueva los cargos de su Junta Directiva - COLPROLe\u00f3n\",\"isPartOf\":{\"@id\":\"https:\\\/\\\/colproleon.es\\\/#website\"},\"primaryImageOfPage\":{\"@id\":\"https:\\\/\\\/colproleon.es\\\/?p=301#primaryimage\"},\"image\":{\"@id\":\"https:\\\/\\\/colproleon.es\\\/?p=301#primaryimage\"},\"thumbnailUrl\":\"https:\\\/\\\/colproleon.es\\\/wp-content\\\/uploads\\\/2026\\\/04\\\/Jornada-Siber-2.jpg\",\"datePublished\":\"2026-04-29T11:15:58+00:00\",\"breadcrumb\":{\"@id\":\"https:\\\/\\\/colproleon.es\\\/?p=301#breadcrumb\"},\"inLanguage\":\"es\",\"potentialAction\":[{\"@type\":\"ReadAction\",\"target\":[\"https:\\\/\\\/colproleon.es\\\/?p=301\"]}]},{\"@type\":\"ImageObject\",\"inLanguage\":\"es\",\"@id\":\"https:\\\/\\\/colproleon.es\\\/?p=301#primaryimage\",\"url\":\"https:\\\/\\\/colproleon.es\\\/wp-content\\\/uploads\\\/2026\\\/04\\\/Jornada-Siber-2.jpg\",\"contentUrl\":\"https:\\\/\\\/colproleon.es\\\/wp-content\\\/uploads\\\/2026\\\/04\\\/Jornada-Siber-2.jpg\",\"width\":800,\"height\":400},{\"@type\":\"BreadcrumbList\",\"@id\":\"https:\\\/\\\/colproleon.es\\\/?p=301#breadcrumb\",\"itemListElement\":[{\"@type\":\"ListItem\",\"position\":1,\"name\":\"Portada\",\"item\":\"https:\\\/\\\/colproleon.es\\\/\"},{\"@type\":\"ListItem\",\"position\":2,\"name\":\"ColproLe\u00f3n celebra su Asamblea General y renueva los cargos de su Junta Directiva\"}]},{\"@type\":\"WebSite\",\"@id\":\"https:\\\/\\\/colproleon.es\\\/#website\",\"url\":\"https:\\\/\\\/colproleon.es\\\/\",\"name\":\"COLPROLe\u00f3n\",\"description\":\"Asociaci\u00f3n de Colegios Profesionales de Le\u00f3n\",\"publisher\":{\"@id\":\"https:\\\/\\\/colproleon.es\\\/#organization\"},\"potentialAction\":[{\"@type\":\"SearchAction\",\"target\":{\"@type\":\"EntryPoint\",\"urlTemplate\":\"https:\\\/\\\/colproleon.es\\\/?s={search_term_string}\"},\"query-input\":{\"@type\":\"PropertyValueSpecification\",\"valueRequired\":true,\"valueName\":\"search_term_string\"}}],\"inLanguage\":\"es\"},{\"@type\":\"Organization\",\"@id\":\"https:\\\/\\\/colproleon.es\\\/#organization\",\"name\":\"Asociaci\u00f3n de Colegios Profesionales de Le\u00f3n\",\"url\":\"https:\\\/\\\/colproleon.es\\\/\",\"logo\":{\"@type\":\"ImageObject\",\"inLanguage\":\"es\",\"@id\":\"https:\\\/\\\/colproleon.es\\\/#\\\/schema\\\/logo\\\/image\\\/\",\"url\":\"https:\\\/\\\/colproleon.es\\\/wp-content\\\/uploads\\\/2024\\\/03\\\/Logo-COLPROLEON.jpg\",\"contentUrl\":\"https:\\\/\\\/colproleon.es\\\/wp-content\\\/uploads\\\/2024\\\/03\\\/Logo-COLPROLEON.jpg\",\"width\":243,\"height\":206,\"caption\":\"Asociaci\u00f3n de Colegios Profesionales de Le\u00f3n\"},\"image\":{\"@id\":\"https:\\\/\\\/colproleon.es\\\/#\\\/schema\\\/logo\\\/image\\\/\"},\"sameAs\":[\"https:\\\/\\\/www.facebook.com\\\/Colproleon\",\"https:\\\/\\\/x.com\\\/colproleon\",\"https:\\\/\\\/www.instagram.com\\\/colproleon\\\/\",\"https:\\\/\\\/www.linkedin.com\\\/company\\\/47593616\\\/admin\\\/feed\\\/posts\\\/\",\"https:\\\/\\\/www.youtube.com\\\/@colproleon508\"]},{\"@type\":\"Person\",\"@id\":\"https:\\\/\\\/colproleon.es\\\/#\\\/schema\\\/person\\\/580649c5af2000db556d6e5245c8fe89\",\"name\":\"admin\",\"image\":{\"@type\":\"ImageObject\",\"inLanguage\":\"es\",\"@id\":\"https:\\\/\\\/secure.gravatar.com\\\/avatar\\\/796a1558a93257c06a66fd970fe4d9a6e507285c74bb5fe8700b6b6358e18cab?s=96&d=mm&r=g\",\"url\":\"https:\\\/\\\/secure.gravatar.com\\\/avatar\\\/796a1558a93257c06a66fd970fe4d9a6e507285c74bb5fe8700b6b6358e18cab?s=96&d=mm&r=g\",\"contentUrl\":\"https:\\\/\\\/secure.gravatar.com\\\/avatar\\\/796a1558a93257c06a66fd970fe4d9a6e507285c74bb5fe8700b6b6358e18cab?s=96&d=mm&r=g\",\"caption\":\"admin\"},\"sameAs\":[\"https:\\\/\\\/colproleon.es\"],\"url\":\"https:\\\/\\\/colproleon.es\\\/?author=1\"}]}<\/script>\n<!-- \/ Yoast SEO plugin. -->","yoast_head_json":{"title":"ColproLe\u00f3n celebra su Asamblea General y renueva los cargos de su Junta Directiva - COLPROLe\u00f3n","robots":{"index":"index","follow":"follow","max-snippet":"max-snippet:-1","max-image-preview":"max-image-preview:large","max-video-preview":"max-video-preview:-1"},"canonical":"https:\/\/colproleon.es\/?p=301","og_locale":"es_ES","og_type":"article","og_title":"ColproLe\u00f3n celebra su Asamblea General y renueva los cargos de su Junta Directiva - COLPROLe\u00f3n","og_description":"28 de abril de 2026.- La Asociaci\u00f3n de Colegios Profesionales de Le\u00f3n \u2013 ColproLe\u00f3n celebr\u00f3 ayer su tradicional Asamblea General Ordinaria y, posteriormente, elecciones para designar a la nueva junta directiva que representar\u00e1 a la instituci\u00f3n profesional en los pr\u00f3ximos dos a\u00f1os. En estos comicios, el Colegio Oficial de Ingenieros T\u00e9cnicos Industriales de Le\u00f3n, representado &hellip; Continuar leyendo \"ColproLe\u00f3n celebra su Asamblea General y renueva los cargos de su Junta Directiva\"","og_url":"https:\/\/colproleon.es\/?p=301","og_site_name":"COLPROLe\u00f3n","article_publisher":"https:\/\/www.facebook.com\/Colproleon","article_published_time":"2026-04-29T11:15:58+00:00","og_image":[{"width":800,"height":400,"url":"https:\/\/colproleon.es\/wp-content\/uploads\/2026\/04\/Jornada-Siber-2.jpg","type":"image\/jpeg"}],"author":"admin","twitter_card":"summary_large_image","twitter_creator":"@colproleon","twitter_site":"@colproleon","twitter_misc":{"Escrito por":"admin","Tiempo de lectura":"2 minutos"},"schema":{"@context":"https:\/\/schema.org","@graph":[{"@type":"Article","@id":"https:\/\/colproleon.es\/?p=301#article","isPartOf":{"@id":"https:\/\/colproleon.es\/?p=301"},"author":{"name":"admin","@id":"https:\/\/colproleon.es\/#\/schema\/person\/580649c5af2000db556d6e5245c8fe89"},"headline":"ColproLe\u00f3n celebra su Asamblea General y renueva los cargos de su Junta Directiva","datePublished":"2026-04-29T11:15:58+00:00","mainEntityOfPage":{"@id":"https:\/\/colproleon.es\/?p=301"},"wordCount":398,"publisher":{"@id":"https:\/\/colproleon.es\/#organization"},"image":{"@id":"https:\/\/colproleon.es\/?p=301#primaryimage"},"thumbnailUrl":"https:\/\/colproleon.es\/wp-content\/uploads\/2026\/04\/Jornada-Siber-2.jpg","articleSection":["Uncategorized"],"inLanguage":"es"},{"@type":"WebPage","@id":"https:\/\/colproleon.es\/?p=301","url":"https:\/\/colproleon.es\/?p=301","name":"ColproLe\u00f3n celebra su Asamblea General y renueva los cargos de su Junta Directiva - COLPROLe\u00f3n","isPartOf":{"@id":"https:\/\/colproleon.es\/#website"},"primaryImageOfPage":{"@id":"https:\/\/colproleon.es\/?p=301#primaryimage"},"image":{"@id":"https:\/\/colproleon.es\/?p=301#primaryimage"},"thumbnailUrl":"https:\/\/colproleon.es\/wp-content\/uploads\/2026\/04\/Jornada-Siber-2.jpg","datePublished":"2026-04-29T11:15:58+00:00","breadcrumb":{"@id":"https:\/\/colproleon.es\/?p=301#breadcrumb"},"inLanguage":"es","potentialAction":[{"@type":"ReadAction","target":["https:\/\/colproleon.es\/?p=301"]}]},{"@type":"ImageObject","inLanguage":"es","@id":"https:\/\/colproleon.es\/?p=301#primaryimage","url":"https:\/\/colproleon.es\/wp-content\/uploads\/2026\/04\/Jornada-Siber-2.jpg","contentUrl":"https:\/\/colproleon.es\/wp-content\/uploads\/2026\/04\/Jornada-Siber-2.jpg","width":800,"height":400},{"@type":"BreadcrumbList","@id":"https:\/\/colproleon.es\/?p=301#breadcrumb","itemListElement":[{"@type":"ListItem","position":1,"name":"Portada","item":"https:\/\/colproleon.es\/"},{"@type":"ListItem","position":2,"name":"ColproLe\u00f3n celebra su Asamblea General y renueva los cargos de su Junta Directiva"}]},{"@type":"WebSite","@id":"https:\/\/colproleon.es\/#website","url":"https:\/\/colproleon.es\/","name":"COLPROLe\u00f3n","description":"Asociaci\u00f3n de Colegios Profesionales de Le\u00f3n","publisher":{"@id":"https:\/\/colproleon.es\/#organization"},"potentialAction":[{"@type":"SearchAction","target":{"@type":"EntryPoint","urlTemplate":"https:\/\/colproleon.es\/?s={search_term_string}"},"query-input":{"@type":"PropertyValueSpecification","valueRequired":true,"valueName":"search_term_string"}}],"inLanguage":"es"},{"@type":"Organization","@id":"https:\/\/colproleon.es\/#organization","name":"Asociaci\u00f3n de Colegios Profesionales de Le\u00f3n","url":"https:\/\/colproleon.es\/","logo":{"@type":"ImageObject","inLanguage":"es","@id":"https:\/\/colproleon.es\/#\/schema\/logo\/image\/","url":"https:\/\/colproleon.es\/wp-content\/uploads\/2024\/03\/Logo-COLPROLEON.jpg","contentUrl":"https:\/\/colproleon.es\/wp-content\/uploads\/2024\/03\/Logo-COLPROLEON.jpg","width":243,"height":206,"caption":"Asociaci\u00f3n de Colegios Profesionales de Le\u00f3n"},"image":{"@id":"https:\/\/colproleon.es\/#\/schema\/logo\/image\/"},"sameAs":["https:\/\/www.facebook.com\/Colproleon","https:\/\/x.com\/colproleon","https:\/\/www.instagram.com\/colproleon\/","https:\/\/www.linkedin.com\/company\/47593616\/admin\/feed\/posts\/","https:\/\/www.youtube.com\/@colproleon508"]},{"@type":"Person","@id":"https:\/\/colproleon.es\/#\/schema\/person\/580649c5af2000db556d6e5245c8fe89","name":"admin","image":{"@type":"ImageObject","inLanguage":"es","@id":"https:\/\/secure.gravatar.com\/avatar\/796a1558a93257c06a66fd970fe4d9a6e507285c74bb5fe8700b6b6358e18cab?s=96&d=mm&r=g","url":"https:\/\/secure.gravatar.com\/avatar\/796a1558a93257c06a66fd970fe4d9a6e507285c74bb5fe8700b6b6358e18cab?s=96&d=mm&r=g","contentUrl":"https:\/\/secure.gravatar.com\/avatar\/796a1558a93257c06a66fd970fe4d9a6e507285c74bb5fe8700b6b6358e18cab?s=96&d=mm&r=g","caption":"admin"},"sameAs":["https:\/\/colproleon.es"],"url":"https:\/\/colproleon.es\/?author=1"}]}},"_links":{"self":[{"href":"https:\/\/colproleon.es\/index.php?rest_route=\/wp\/v2\/posts\/301","targetHints":{"allow":["GET"]}}],"collection":[{"href":"https:\/\/colproleon.es\/index.php?rest_route=\/wp\/v2\/posts"}],"about":[{"href":"https:\/\/colproleon.es\/index.php?rest_route=\/wp\/v2\/types\/post"}],"author":[{"embeddable":true,"href":"https:\/\/colproleon.es\/index.php?rest_route=\/wp\/v2\/users\/1"}],"replies":[{"embeddable":true,"href":"https:\/\/colproleon.es\/index.php?rest_route=%2Fwp%2Fv2%2Fcomments&post=301"}],"version-history":[{"count":1,"href":"https:\/\/colproleon.es\/index.php?rest_route=\/wp\/v2\/posts\/301\/revisions"}],"predecessor-version":[{"id":303,"href":"https:\/\/colproleon.es\/index.php?rest_route=\/wp\/v2\/posts\/301\/revisions\/303"}],"wp:attachment":[{"href":"https:\/\/colproleon.es\/index.php?rest_route=%2Fwp%2Fv2%2Fmedia&parent=301"}],"wp:term":[{"taxonomy":"category","embeddable":true,"href":"https:\/\/colproleon.es\/index.php?rest_route=%2Fwp%2Fv2%2Fcategories&post=301"},{"taxonomy":"post_tag","embeddable":true,"href":"https:\/\/colproleon.es\/index.php?rest_route=%2Fwp%2Fv2%2Ftags&post=301"}],"curies":[{"name":"wp","href":"https:\/\/api.w.org\/{rel}","templated":true}]}}