{"id":106,"date":"2024-11-02T19:45:00","date_gmt":"2024-11-02T19:45:00","guid":{"rendered":"https:\/\/colproleon.es\/?p=106"},"modified":"2024-11-18T16:43:16","modified_gmt":"2024-11-18T16:43:16","slug":"colproleon-ofrece-su-ayuda-a-los-afectados-por-la-dana-de-valencia","status":"publish","type":"post","link":"https:\/\/colproleon.es\/?p=106","title":{"rendered":"COLPROLe\u00f3n ofrece su ayuda a los afectados por la DANA de Valencia"},"content":{"rendered":"\n<p>Desde COLPROLE\u00d3N, Asociaci\u00f3n de Colegios Profesionales de Le\u00f3n, con motivo de las consecuencias provocadas en la poblaci\u00f3n y en el territorio, por la gota fr\u00eda en varios municipios de Valencia, as\u00ed como tambi\u00e9n en zonas de Castilla la Mancha y Andaluc\u00eda, el pasado 29 de octubre, queremos transmitir nuestras condolencias y apoyo a todas las personas damnificadas por este desastre natural sin precedentes en nuestro pa\u00eds.<\/p>\n\n\n\n<p>En nombre de los 24 Colegios que conforman nuestra asociaci\u00f3n, representando a m\u00e1s de 20.000 Profesionales de distintas disciplinas, ponemos a disposici\u00f3n nuestros medios, reconociendo el esfuerzo y solidaridad de tantas personas que se est\u00e1n volcando en estos dif\u00edciles momentos para toda la ciudadan\u00eda y a las cuales deseamos trasladar nuestro deseo de uni\u00f3n y trabajo colectivo.<\/p>\n\n\n\n<figure class=\"wp-block-image size-full\"><img loading=\"lazy\" decoding=\"async\" width=\"526\" height=\"526\" src=\"https:\/\/colproleon.es\/wp-content\/uploads\/2024\/11\/DANA.jpg\" alt=\"\" class=\"wp-image-107\" srcset=\"https:\/\/colproleon.es\/wp-content\/uploads\/2024\/11\/DANA.jpg 526w, https:\/\/colproleon.es\/wp-content\/uploads\/2024\/11\/DANA-300x300.jpg 300w, https:\/\/colproleon.es\/wp-content\/uploads\/2024\/11\/DANA-150x150.jpg 150w\" sizes=\"auto, (max-width: 526px) 85vw, 526px\" \/><\/figure>\n","protected":false},"excerpt":{"rendered":"<p>Desde COLPROLE\u00d3N, Asociaci\u00f3n de Colegios Profesionales de Le\u00f3n, con motivo de las consecuencias provocadas en la poblaci\u00f3n y en el territorio, por la gota fr\u00eda en varios municipios de Valencia, as\u00ed como tambi\u00e9n en zonas de Castilla la Mancha y Andaluc\u00eda, el pasado 29 de octubre, queremos transmitir nuestras condolencias y apoyo a todas las &hellip; <a href=\"https:\/\/colproleon.es\/?p=106\" class=\"more-link\">Continuar leyendo<span class=\"screen-reader-text\"> \u00abCOLPROLe\u00f3n ofrece su ayuda a los afectados por la DANA de Valencia\u00bb<\/span><\/a><\/p>\n","protected":false},"author":1,"featured_media":0,"comment_status":"closed","ping_status":"closed","sticky":false,"template":"","format":"standard","meta":{"footnotes":""},"categories":[1],"tags":[],"class_list":["post-106","post","type-post","status-publish","format-standard","hentry","category-uncategorized"],"yoast_head":"<!-- This site is optimized with the Yoast SEO plugin v27.5 - https:\/\/yoast.com\/product\/yoast-seo-wordpress\/ -->\n<title>COLPROLe\u00f3n ofrece su ayuda a los afectados por la DANA de Valencia - COLPROLe\u00f3n<\/title>\n<meta name=\"robots\" content=\"index, follow, max-snippet:-1, max-image-preview:large, max-video-preview:-1\" \/>\n<link rel=\"canonical\" href=\"https:\/\/colproleon.es\/?p=106\" \/>\n<meta property=\"og:locale\" content=\"es_ES\" \/>\n<meta property=\"og:type\" content=\"article\" \/>\n<meta property=\"og:title\" content=\"COLPROLe\u00f3n ofrece su ayuda a los afectados por la DANA de Valencia - COLPROLe\u00f3n\" \/>\n<meta property=\"og:description\" content=\"Desde COLPROLE\u00d3N, Asociaci\u00f3n de Colegios Profesionales de Le\u00f3n, con motivo de las consecuencias provocadas en la poblaci\u00f3n y en el territorio, por la gota fr\u00eda en varios municipios de Valencia, as\u00ed como tambi\u00e9n en zonas de Castilla la Mancha y Andaluc\u00eda, el pasado 29 de octubre, queremos transmitir nuestras condolencias y apoyo a todas las &hellip; Continuar leyendo &quot;COLPROLe\u00f3n ofrece su ayuda a los afectados por la DANA de Valencia&quot;\" \/>\n<meta property=\"og:url\" content=\"https:\/\/colproleon.es\/?p=106\" \/>\n<meta property=\"og:site_name\" content=\"COLPROLe\u00f3n\" \/>\n<meta property=\"article:publisher\" content=\"https:\/\/www.facebook.com\/Colproleon\" \/>\n<meta property=\"article:published_time\" content=\"2024-11-02T19:45:00+00:00\" \/>\n<meta property=\"article:modified_time\" content=\"2024-11-18T16:43:16+00:00\" \/>\n<meta property=\"og:image\" content=\"https:\/\/colproleon.es\/wp-content\/uploads\/2024\/11\/DANA.jpg\" \/>\n\t<meta property=\"og:image:width\" content=\"526\" \/>\n\t<meta property=\"og:image:height\" content=\"526\" \/>\n\t<meta property=\"og:image:type\" content=\"image\/jpeg\" \/>\n<meta name=\"author\" content=\"admin\" \/>\n<meta name=\"twitter:card\" content=\"summary_large_image\" \/>\n<meta name=\"twitter:creator\" content=\"@colproleon\" \/>\n<meta name=\"twitter:site\" content=\"@colproleon\" \/>\n<meta name=\"twitter:label1\" content=\"Escrito por\" \/>\n\t<meta name=\"twitter:data1\" content=\"admin\" \/>\n\t<meta name=\"twitter:label2\" content=\"Tiempo de lectura\" \/>\n\t<meta name=\"twitter:data2\" content=\"1 minuto\" \/>\n<script type=\"application\/ld+json\" class=\"yoast-schema-graph\">{\"@context\":\"https:\\\/\\\/schema.org\",\"@graph\":[{\"@type\":\"Article\",\"@id\":\"https:\\\/\\\/colproleon.es\\\/?p=106#article\",\"isPartOf\":{\"@id\":\"https:\\\/\\\/colproleon.es\\\/?p=106\"},\"author\":{\"name\":\"admin\",\"@id\":\"https:\\\/\\\/colproleon.es\\\/#\\\/schema\\\/person\\\/580649c5af2000db556d6e5245c8fe89\"},\"headline\":\"COLPROLe\u00f3n ofrece su ayuda a los afectados por la DANA de Valencia\",\"datePublished\":\"2024-11-02T19:45:00+00:00\",\"dateModified\":\"2024-11-18T16:43:16+00:00\",\"mainEntityOfPage\":{\"@id\":\"https:\\\/\\\/colproleon.es\\\/?p=106\"},\"wordCount\":148,\"publisher\":{\"@id\":\"https:\\\/\\\/colproleon.es\\\/#organization\"},\"image\":{\"@id\":\"https:\\\/\\\/colproleon.es\\\/?p=106#primaryimage\"},\"thumbnailUrl\":\"https:\\\/\\\/colproleon.es\\\/wp-content\\\/uploads\\\/2024\\\/11\\\/DANA.jpg\",\"articleSection\":[\"Uncategorized\"],\"inLanguage\":\"es\"},{\"@type\":\"WebPage\",\"@id\":\"https:\\\/\\\/colproleon.es\\\/?p=106\",\"url\":\"https:\\\/\\\/colproleon.es\\\/?p=106\",\"name\":\"COLPROLe\u00f3n ofrece su ayuda a los afectados por la DANA de Valencia - COLPROLe\u00f3n\",\"isPartOf\":{\"@id\":\"https:\\\/\\\/colproleon.es\\\/#website\"},\"primaryImageOfPage\":{\"@id\":\"https:\\\/\\\/colproleon.es\\\/?p=106#primaryimage\"},\"image\":{\"@id\":\"https:\\\/\\\/colproleon.es\\\/?p=106#primaryimage\"},\"thumbnailUrl\":\"https:\\\/\\\/colproleon.es\\\/wp-content\\\/uploads\\\/2024\\\/11\\\/DANA.jpg\",\"datePublished\":\"2024-11-02T19:45:00+00:00\",\"dateModified\":\"2024-11-18T16:43:16+00:00\",\"breadcrumb\":{\"@id\":\"https:\\\/\\\/colproleon.es\\\/?p=106#breadcrumb\"},\"inLanguage\":\"es\",\"potentialAction\":[{\"@type\":\"ReadAction\",\"target\":[\"https:\\\/\\\/colproleon.es\\\/?p=106\"]}]},{\"@type\":\"ImageObject\",\"inLanguage\":\"es\",\"@id\":\"https:\\\/\\\/colproleon.es\\\/?p=106#primaryimage\",\"url\":\"https:\\\/\\\/colproleon.es\\\/wp-content\\\/uploads\\\/2024\\\/11\\\/DANA.jpg\",\"contentUrl\":\"https:\\\/\\\/colproleon.es\\\/wp-content\\\/uploads\\\/2024\\\/11\\\/DANA.jpg\",\"width\":526,\"height\":526},{\"@type\":\"BreadcrumbList\",\"@id\":\"https:\\\/\\\/colproleon.es\\\/?p=106#breadcrumb\",\"itemListElement\":[{\"@type\":\"ListItem\",\"position\":1,\"name\":\"Portada\",\"item\":\"https:\\\/\\\/colproleon.es\\\/\"},{\"@type\":\"ListItem\",\"position\":2,\"name\":\"COLPROLe\u00f3n ofrece su ayuda a los afectados por la DANA de Valencia\"}]},{\"@type\":\"WebSite\",\"@id\":\"https:\\\/\\\/colproleon.es\\\/#website\",\"url\":\"https:\\\/\\\/colproleon.es\\\/\",\"name\":\"COLPROLe\u00f3n\",\"description\":\"Asociaci\u00f3n de Colegios Profesionales de Le\u00f3n\",\"publisher\":{\"@id\":\"https:\\\/\\\/colproleon.es\\\/#organization\"},\"potentialAction\":[{\"@type\":\"SearchAction\",\"target\":{\"@type\":\"EntryPoint\",\"urlTemplate\":\"https:\\\/\\\/colproleon.es\\\/?s={search_term_string}\"},\"query-input\":{\"@type\":\"PropertyValueSpecification\",\"valueRequired\":true,\"valueName\":\"search_term_string\"}}],\"inLanguage\":\"es\"},{\"@type\":\"Organization\",\"@id\":\"https:\\\/\\\/colproleon.es\\\/#organization\",\"name\":\"Asociaci\u00f3n de Colegios Profesionales de Le\u00f3n\",\"url\":\"https:\\\/\\\/colproleon.es\\\/\",\"logo\":{\"@type\":\"ImageObject\",\"inLanguage\":\"es\",\"@id\":\"https:\\\/\\\/colproleon.es\\\/#\\\/schema\\\/logo\\\/image\\\/\",\"url\":\"https:\\\/\\\/colproleon.es\\\/wp-content\\\/uploads\\\/2024\\\/03\\\/Logo-COLPROLEON.jpg\",\"contentUrl\":\"https:\\\/\\\/colproleon.es\\\/wp-content\\\/uploads\\\/2024\\\/03\\\/Logo-COLPROLEON.jpg\",\"width\":243,\"height\":206,\"caption\":\"Asociaci\u00f3n de Colegios Profesionales de Le\u00f3n\"},\"image\":{\"@id\":\"https:\\\/\\\/colproleon.es\\\/#\\\/schema\\\/logo\\\/image\\\/\"},\"sameAs\":[\"https:\\\/\\\/www.facebook.com\\\/Colproleon\",\"https:\\\/\\\/x.com\\\/colproleon\",\"https:\\\/\\\/www.instagram.com\\\/colproleon\\\/\",\"https:\\\/\\\/www.linkedin.com\\\/company\\\/47593616\\\/admin\\\/feed\\\/posts\\\/\",\"https:\\\/\\\/www.youtube.com\\\/@colproleon508\"]},{\"@type\":\"Person\",\"@id\":\"https:\\\/\\\/colproleon.es\\\/#\\\/schema\\\/person\\\/580649c5af2000db556d6e5245c8fe89\",\"name\":\"admin\",\"image\":{\"@type\":\"ImageObject\",\"inLanguage\":\"es\",\"@id\":\"https:\\\/\\\/secure.gravatar.com\\\/avatar\\\/796a1558a93257c06a66fd970fe4d9a6e507285c74bb5fe8700b6b6358e18cab?s=96&d=mm&r=g\",\"url\":\"https:\\\/\\\/secure.gravatar.com\\\/avatar\\\/796a1558a93257c06a66fd970fe4d9a6e507285c74bb5fe8700b6b6358e18cab?s=96&d=mm&r=g\",\"contentUrl\":\"https:\\\/\\\/secure.gravatar.com\\\/avatar\\\/796a1558a93257c06a66fd970fe4d9a6e507285c74bb5fe8700b6b6358e18cab?s=96&d=mm&r=g\",\"caption\":\"admin\"},\"sameAs\":[\"https:\\\/\\\/colproleon.es\"],\"url\":\"https:\\\/\\\/colproleon.es\\\/?author=1\"}]}<\/script>\n<!-- \/ Yoast SEO plugin. -->","yoast_head_json":{"title":"COLPROLe\u00f3n ofrece su ayuda a los afectados por la DANA de Valencia - COLPROLe\u00f3n","robots":{"index":"index","follow":"follow","max-snippet":"max-snippet:-1","max-image-preview":"max-image-preview:large","max-video-preview":"max-video-preview:-1"},"canonical":"https:\/\/colproleon.es\/?p=106","og_locale":"es_ES","og_type":"article","og_title":"COLPROLe\u00f3n ofrece su ayuda a los afectados por la DANA de Valencia - COLPROLe\u00f3n","og_description":"Desde COLPROLE\u00d3N, Asociaci\u00f3n de Colegios Profesionales de Le\u00f3n, con motivo de las consecuencias provocadas en la poblaci\u00f3n y en el territorio, por la gota fr\u00eda en varios municipios de Valencia, as\u00ed como tambi\u00e9n en zonas de Castilla la Mancha y Andaluc\u00eda, el pasado 29 de octubre, queremos transmitir nuestras condolencias y apoyo a todas las &hellip; Continuar leyendo \"COLPROLe\u00f3n ofrece su ayuda a los afectados por la DANA de Valencia\"","og_url":"https:\/\/colproleon.es\/?p=106","og_site_name":"COLPROLe\u00f3n","article_publisher":"https:\/\/www.facebook.com\/Colproleon","article_published_time":"2024-11-02T19:45:00+00:00","article_modified_time":"2024-11-18T16:43:16+00:00","og_image":[{"width":526,"height":526,"url":"https:\/\/colproleon.es\/wp-content\/uploads\/2024\/11\/DANA.jpg","type":"image\/jpeg"}],"author":"admin","twitter_card":"summary_large_image","twitter_creator":"@colproleon","twitter_site":"@colproleon","twitter_misc":{"Escrito por":"admin","Tiempo de lectura":"1 minuto"},"schema":{"@context":"https:\/\/schema.org","@graph":[{"@type":"Article","@id":"https:\/\/colproleon.es\/?p=106#article","isPartOf":{"@id":"https:\/\/colproleon.es\/?p=106"},"author":{"name":"admin","@id":"https:\/\/colproleon.es\/#\/schema\/person\/580649c5af2000db556d6e5245c8fe89"},"headline":"COLPROLe\u00f3n ofrece su ayuda a los afectados por la DANA de Valencia","datePublished":"2024-11-02T19:45:00+00:00","dateModified":"2024-11-18T16:43:16+00:00","mainEntityOfPage":{"@id":"https:\/\/colproleon.es\/?p=106"},"wordCount":148,"publisher":{"@id":"https:\/\/colproleon.es\/#organization"},"image":{"@id":"https:\/\/colproleon.es\/?p=106#primaryimage"},"thumbnailUrl":"https:\/\/colproleon.es\/wp-content\/uploads\/2024\/11\/DANA.jpg","articleSection":["Uncategorized"],"inLanguage":"es"},{"@type":"WebPage","@id":"https:\/\/colproleon.es\/?p=106","url":"https:\/\/colproleon.es\/?p=106","name":"COLPROLe\u00f3n ofrece su ayuda a los afectados por la DANA de Valencia - COLPROLe\u00f3n","isPartOf":{"@id":"https:\/\/colproleon.es\/#website"},"primaryImageOfPage":{"@id":"https:\/\/colproleon.es\/?p=106#primaryimage"},"image":{"@id":"https:\/\/colproleon.es\/?p=106#primaryimage"},"thumbnailUrl":"https:\/\/colproleon.es\/wp-content\/uploads\/2024\/11\/DANA.jpg","datePublished":"2024-11-02T19:45:00+00:00","dateModified":"2024-11-18T16:43:16+00:00","breadcrumb":{"@id":"https:\/\/colproleon.es\/?p=106#breadcrumb"},"inLanguage":"es","potentialAction":[{"@type":"ReadAction","target":["https:\/\/colproleon.es\/?p=106"]}]},{"@type":"ImageObject","inLanguage":"es","@id":"https:\/\/colproleon.es\/?p=106#primaryimage","url":"https:\/\/colproleon.es\/wp-content\/uploads\/2024\/11\/DANA.jpg","contentUrl":"https:\/\/colproleon.es\/wp-content\/uploads\/2024\/11\/DANA.jpg","width":526,"height":526},{"@type":"BreadcrumbList","@id":"https:\/\/colproleon.es\/?p=106#breadcrumb","itemListElement":[{"@type":"ListItem","position":1,"name":"Portada","item":"https:\/\/colproleon.es\/"},{"@type":"ListItem","position":2,"name":"COLPROLe\u00f3n ofrece su ayuda a los afectados por la DANA de Valencia"}]},{"@type":"WebSite","@id":"https:\/\/colproleon.es\/#website","url":"https:\/\/colproleon.es\/","name":"COLPROLe\u00f3n","description":"Asociaci\u00f3n de Colegios Profesionales de Le\u00f3n","publisher":{"@id":"https:\/\/colproleon.es\/#organization"},"potentialAction":[{"@type":"SearchAction","target":{"@type":"EntryPoint","urlTemplate":"https:\/\/colproleon.es\/?s={search_term_string}"},"query-input":{"@type":"PropertyValueSpecification","valueRequired":true,"valueName":"search_term_string"}}],"inLanguage":"es"},{"@type":"Organization","@id":"https:\/\/colproleon.es\/#organization","name":"Asociaci\u00f3n de Colegios Profesionales de Le\u00f3n","url":"https:\/\/colproleon.es\/","logo":{"@type":"ImageObject","inLanguage":"es","@id":"https:\/\/colproleon.es\/#\/schema\/logo\/image\/","url":"https:\/\/colproleon.es\/wp-content\/uploads\/2024\/03\/Logo-COLPROLEON.jpg","contentUrl":"https:\/\/colproleon.es\/wp-content\/uploads\/2024\/03\/Logo-COLPROLEON.jpg","width":243,"height":206,"caption":"Asociaci\u00f3n de Colegios Profesionales de Le\u00f3n"},"image":{"@id":"https:\/\/colproleon.es\/#\/schema\/logo\/image\/"},"sameAs":["https:\/\/www.facebook.com\/Colproleon","https:\/\/x.com\/colproleon","https:\/\/www.instagram.com\/colproleon\/","https:\/\/www.linkedin.com\/company\/47593616\/admin\/feed\/posts\/","https:\/\/www.youtube.com\/@colproleon508"]},{"@type":"Person","@id":"https:\/\/colproleon.es\/#\/schema\/person\/580649c5af2000db556d6e5245c8fe89","name":"admin","image":{"@type":"ImageObject","inLanguage":"es","@id":"https:\/\/secure.gravatar.com\/avatar\/796a1558a93257c06a66fd970fe4d9a6e507285c74bb5fe8700b6b6358e18cab?s=96&d=mm&r=g","url":"https:\/\/secure.gravatar.com\/avatar\/796a1558a93257c06a66fd970fe4d9a6e507285c74bb5fe8700b6b6358e18cab?s=96&d=mm&r=g","contentUrl":"https:\/\/secure.gravatar.com\/avatar\/796a1558a93257c06a66fd970fe4d9a6e507285c74bb5fe8700b6b6358e18cab?s=96&d=mm&r=g","caption":"admin"},"sameAs":["https:\/\/colproleon.es"],"url":"https:\/\/colproleon.es\/?author=1"}]}},"_links":{"self":[{"href":"https:\/\/colproleon.es\/index.php?rest_route=\/wp\/v2\/posts\/106","targetHints":{"allow":["GET"]}}],"collection":[{"href":"https:\/\/colproleon.es\/index.php?rest_route=\/wp\/v2\/posts"}],"about":[{"href":"https:\/\/colproleon.es\/index.php?rest_route=\/wp\/v2\/types\/post"}],"author":[{"embeddable":true,"href":"https:\/\/colproleon.es\/index.php?rest_route=\/wp\/v2\/users\/1"}],"replies":[{"embeddable":true,"href":"https:\/\/colproleon.es\/index.php?rest_route=%2Fwp%2Fv2%2Fcomments&post=106"}],"version-history":[{"count":1,"href":"https:\/\/colproleon.es\/index.php?rest_route=\/wp\/v2\/posts\/106\/revisions"}],"predecessor-version":[{"id":108,"href":"https:\/\/colproleon.es\/index.php?rest_route=\/wp\/v2\/posts\/106\/revisions\/108"}],"wp:attachment":[{"href":"https:\/\/colproleon.es\/index.php?rest_route=%2Fwp%2Fv2%2Fmedia&parent=106"}],"wp:term":[{"taxonomy":"category","embeddable":true,"href":"https:\/\/colproleon.es\/index.php?rest_route=%2Fwp%2Fv2%2Fcategories&post=106"},{"taxonomy":"post_tag","embeddable":true,"href":"https:\/\/colproleon.es\/index.php?rest_route=%2Fwp%2Fv2%2Ftags&post=106"}],"curies":[{"name":"wp","href":"https:\/\/api.w.org\/{rel}","templated":true}]}}